{"id":1,"date":"2026-02-19T12:12:37","date_gmt":"2026-02-19T12:12:37","guid":{"rendered":"http:\/\/acteurs-economiques-linselles.fr\/?p=1"},"modified":"2026-02-19T15:48:31","modified_gmt":"2026-02-19T14:48:31","slug":"hello-world","status":"publish","type":"post","link":"https:\/\/www.acteurs-economiques-linselles.fr\/index.php\/2026\/02\/19\/hello-world\/","title":{"rendered":"Petit d\u00e9j&rsquo; Networking"},"content":{"rendered":"\n<p>Jeudi 5 mars 2026, 08:00, Salle Th\u00e9r\u00e8se Boutry \u00e0 Linselles<\/p>\n\n\n\n<p>La Ville de Linselles et les acteurs \u00e9conomiques de l&rsquo;UCAEL ont le plaisir de vous inviter \u00e0 la\u00a0<strong>5e \u00e9dition du Petit dej\u2019 Networking<\/strong><\/p>\n\n\n\n<p>Au fil des \u00e9ditions, ce rendez-vous est devenu un incontournable pour les entrepreneurs et artisans de toute la m\u00e9tropole lilloise.<\/p>\n\n\n\n<p>Cette ann\u00e9e encore, l\u2019ambiance s\u2019annonce dynamique :&nbsp;<strong>plus de 100 participants sont attendus<\/strong>&nbsp;pour \u00e9changer, partager et cr\u00e9er de nouvelles synergies.<\/p>\n\n\n\n<p>Pourquoi venir\u202f? Parce que cet \u00e9v\u00e9nement vous offre :<\/p>\n\n\n\n<ul class=\"wp-block-list\">\n<li>des rencontres authentiques avec d\u2019autres dirigeants du secteur,<\/li>\n\n\n\n<li>des opportunit\u00e9s concr\u00e8tes pour d\u00e9velopper votre r\u00e9seau,<\/li>\n\n\n\n<li>un cadre d\u00e9tendu, id\u00e9al pour discuter projets et collaborations,<\/li>\n\n\n\n<li>un moment privil\u00e9gi\u00e9 pour valoriser votre activit\u00e9,<\/li>\n\n\n\n<li>une contribution directe au dynamisme \u00e9conomique local<\/li>\n<\/ul>\n\n\n\n<p>Que vous soyez habitu\u00e9 aux rencontres professionnelles ou que vous veniez pour la premi\u00e8re fois, vous repartirez forc\u00e9ment avec quelque chose : un contact, une id\u00e9e, une opportunit\u00e9\u2026 ou simplement un bon moment partag\u00e9.<\/p>\n\n\n\n<p><strong>Inscrivez-vous d\u00e8s maintenant ici&nbsp;:&nbsp;<a href=\"https:\/\/www.ferlabmarketing.com\/networking-linselles\" target=\"_blank\" rel=\"noreferrer noopener\">https:\/\/www.ferlabmarketing.com\/networking-linselles<\/a><\/strong><\/p>\n\n\n\n<p>(Psit : n&rsquo;h\u00e9sitez pas \u00e0 inviter votre r\u00e9seau ! Plus on est de fous&#8230;)<\/p>\n\n\n\n<p><\/p>\n","protected":false},"excerpt":{"rendered":"<p>Jeudi 5 mars 2026, 08:00, Salle Th\u00e9r\u00e8se Boutry \u00e0 Linselles.<br \/>\nLa Ville de Linselles et les acteurs \u00e9conomiques de l&rsquo;UCAEL ont le plaisir de vous inviter \u00e0 la\u00a05e \u00e9dition du Petit dej\u2019 Networking<\/p>\n","protected":false},"author":2,"featured_media":46,"comment_status":"open","ping_status":"open","sticky":false,"template":"featured-image","format":"standard","meta":{"footnotes":""},"categories":[10],"tags":[],"class_list":["post-1","post","type-post","status-publish","format-standard","has-post-thumbnail","hentry","category-rendez-vous"],"_links":{"self":[{"href":"https:\/\/www.acteurs-economiques-linselles.fr\/index.php\/wp-json\/wp\/v2\/posts\/1","targetHints":{"allow":["GET"]}}],"collection":[{"href":"https:\/\/www.acteurs-economiques-linselles.fr\/index.php\/wp-json\/wp\/v2\/posts"}],"about":[{"href":"https:\/\/www.acteurs-economiques-linselles.fr\/index.php\/wp-json\/wp\/v2\/types\/post"}],"author":[{"embeddable":true,"href":"https:\/\/www.acteurs-economiques-linselles.fr\/index.php\/wp-json\/wp\/v2\/users\/2"}],"replies":[{"embeddable":true,"href":"https:\/\/www.acteurs-economiques-linselles.fr\/index.php\/wp-json\/wp\/v2\/comments?post=1"}],"version-history":[{"count":3,"href":"https:\/\/www.acteurs-economiques-linselles.fr\/index.php\/wp-json\/wp\/v2\/posts\/1\/revisions"}],"predecessor-version":[{"id":47,"href":"https:\/\/www.acteurs-economiques-linselles.fr\/index.php\/wp-json\/wp\/v2\/posts\/1\/revisions\/47"}],"wp:featuredmedia":[{"embeddable":true,"href":"https:\/\/www.acteurs-economiques-linselles.fr\/index.php\/wp-json\/wp\/v2\/media\/46"}],"wp:attachment":[{"href":"https:\/\/www.acteurs-economiques-linselles.fr\/index.php\/wp-json\/wp\/v2\/media?parent=1"}],"wp:term":[{"taxonomy":"category","embeddable":true,"href":"https:\/\/www.acteurs-economiques-linselles.fr\/index.php\/wp-json\/wp\/v2\/categories?post=1"},{"taxonomy":"post_tag","embeddable":true,"href":"https:\/\/www.acteurs-economiques-linselles.fr\/index.php\/wp-json\/wp\/v2\/tags?post=1"}],"curies":[{"name":"wp","href":"https:\/\/api.w.org\/{rel}","templated":true}]}}